{"id":531,"date":"2019-03-14T23:52:06","date_gmt":"2019-03-14T21:52:06","guid":{"rendered":"http:\/\/turkumissio.fi\/missio\/?p=531"},"modified":"2019-04-01T16:47:27","modified_gmt":"2019-04-01T13:47:27","slug":"rukouskirje-maaliskuu-2019","status":"publish","type":"post","link":"http:\/\/turkumissio.fi\/missio\/rukouskirje-maaliskuu-2019\/","title":{"rendered":"Rukouskirje maaliskuu 2019"},"content":{"rendered":"<p><strong>RUKOUSKIRJE \u2013 Turku rukoilee \u2013p\u00e4iv\u00e4 \u201dTurku Jeesukselle\u201d la 23.3. klo 10-16 Varisuon kirkolla<\/strong> (Kousankatu 6). Mukana <strong>Medad Birungi<\/strong> (Uganda), Pasi Jaakkola, Kristiina Frondelius ja Pekka Heikkil\u00e4.<\/p>\n<p><strong>Turun valo<\/strong><\/p>\n<p>Jeesus puhui taas kansalle ja sanoi: \u00bbMin\u00e4 olen maailman valo. Se, joka seuraa minua, ei kulje pime\u00e4ss\u00e4, vaan h\u00e4nell\u00e4 on el\u00e4m\u00e4n valo.\u00bb (Joh. 8:12)<\/p>\n<p>Ugandaa pidettiin aikoinaan pime\u00e4n\u00e4 Afrikkana, mutta 1800-luvun l\u00e4hetyssaarnaajat \u2013 monet marttyyreina \u2013 toivat sinne evankeliumin valon: Jeesuksen. Idi Aminin aikana maassa koettiin uudestaan mielett\u00f6m\u00e4t kristittyjen vainot. Mutta uskovat pakenivat viidakkoon rukoilemaan Herralta apua ja Valo loisti silloinkin pimeydess\u00e4. \u00a0Maasta tuli yksi Afrikan her\u00e4tyksen kehdoista.<\/p>\n<p>Tuon her\u00e4tyksen keskell\u00e4 el\u00e4\u00e4 my\u00f6s rukousjohtaja, pastori Medad Birungi. H\u00e4nen syd\u00e4mell\u00e4\u00e4n on erityisesti Suomi ja Turku. H\u00e4n on my\u00f6s kutsunut tuhansia rukoilijoita Ugandassa rukoilemaan Turun puolesta, jotta Jeesuksen Valo saisi loistaa pime\u00e4ss\u00e4: Turku on her\u00e4tyksen kehtoja, Turku kuuluu Jeesukselle!<\/p>\n<p>Ugandan her\u00e4tyksest\u00e4 kumpuava julistus ja rukous sytytt\u00e4\u00e4. Tervetuloa Turku rukoilee p\u00e4iv\u00e4\u00e4n 23.3. Varissuon kirkolle \u2013 vaikka osaksikin p\u00e4iv\u00e4\u00e4!<\/p>\n<p>Turku rukoilee pastoritiimi puolesta,<\/p>\n<p><i>Pasi Jaakkola<\/i><\/p>\n<p>kappalainen, Mikaelinseurakunta<\/p>\n<p>&nbsp;<\/p>\n<p><strong>MAALISKUUN RUKOUSAIHEET<\/strong><\/p>\n<p>1. Turku Jeesukselle \u2013 rukoillaan her\u00e4tyst\u00e4 seutukunnalle!<\/p>\n<p>2. Eduskuntavaalit, rukoillaan Jumalan mielen mukaista eduskuntaa.<\/p>\n<p>3. Kristittyjen yhteyden ja syttymisen puolesta.<\/p>\n<p>&nbsp;<\/p>\n<p><strong>TULEVAT RUKOUSILLAT<\/strong><\/p>\n<p><b>La 23.3. klo 10-16<\/b> Varissuon kirkko, Kousank. 6,\u00a0 Turku rukoilee rukousp\u00e4iv\u00e4,\u00a0opetus Medad Birungi,<\/p>\n<p><b>Ke 27.3. klo 19<\/b> Helluntaiseurakunta, Puistok 6, Kristittyjen yhteinen rukousilta vaalien puolesta, Pekka Havupalo<\/p>\n<p><b>Ke 3.4. klo 19<\/b> Helluntaiseurakunta, Puistok 6, New Generation \u2013 nuori sukupolvi johtamassa rukousta, Ville Anttila ja Matti Hernesaho<\/p>\n<p><b>24\/7-rukoushuone 8.-14.4.2019 <\/b>Sinitaivassalilla (Rauhankatu 15 D) tulevien eduskuntavaalien ja p\u00e4\u00e4tt\u00e4jien puolesta. Rukousvuorojen varaukset:\u00a0https:\/\/www.24-7prayer.com\/signup\/5768ec<\/p>\n<p><b>Ke 8.5. klo 19<\/b> Vapaakirkko\/Hope, Tuureporink. 10 rukousta my\u00f6s Turun kukkuloilla, Pasi Jaakkola<\/p>\n<p>Lis\u00e4tiedot: www.turkumissio.fi<\/p>\n<p>&nbsp;<\/p>\n","protected":false},"excerpt":{"rendered":"<p>RUKOUSKIRJE \u2013 Turku rukoilee \u2013p\u00e4iv\u00e4 \u201dTurku Jeesukselle\u201d la 23.3. klo 10-16 Varisuon kirkolla (Kousankatu 6). Mukana Medad Birungi (Uganda), Pasi Jaakkola, Kristiina Frondelius ja Pekka Heikkil\u00e4. Turun valo Jeesus puhui taas kansalle ja sanoi: \u00bbMin\u00e4 olen maailman valo. Se, joka &hellip; <a href=\"http:\/\/turkumissio.fi\/missio\/rukouskirje-maaliskuu-2019\/\">Continued<\/a><\/p>\n","protected":false},"author":1,"featured_media":376,"comment_status":"closed","ping_status":"closed","sticky":false,"template":"","format":"standard","meta":{"footnotes":""},"categories":[7],"tags":[],"class_list":["post-531","post","type-post","status-publish","format-standard","has-post-thumbnail","hentry","category-rukouskirje"],"yoast_head":"<!-- This site is optimized with the Yoast SEO plugin v26.8 - https:\/\/yoast.com\/product\/yoast-seo-wordpress\/ -->\n<title>Rukouskirje maaliskuu 2019 - Turkumissio ry<\/title>\n<meta name=\"robots\" content=\"index, follow, max-snippet:-1, max-image-preview:large, max-video-preview:-1\" \/>\n<link rel=\"canonical\" href=\"http:\/\/turkumissio.fi\/missio\/rukouskirje-maaliskuu-2019\/\" \/>\n<meta property=\"og:locale\" content=\"fi_FI\" \/>\n<meta property=\"og:type\" content=\"article\" \/>\n<meta property=\"og:title\" content=\"Rukouskirje maaliskuu 2019 - Turkumissio ry\" \/>\n<meta property=\"og:description\" content=\"RUKOUSKIRJE \u2013 Turku rukoilee \u2013p\u00e4iv\u00e4 \u201dTurku Jeesukselle\u201d la 23.3. klo 10-16 Varisuon kirkolla (Kousankatu 6). Mukana Medad Birungi (Uganda), Pasi Jaakkola, Kristiina Frondelius ja Pekka Heikkil\u00e4. Turun valo Jeesus puhui taas kansalle ja sanoi: \u00bbMin\u00e4 olen maailman valo. Se, joka &hellip; Continued\" \/>\n<meta property=\"og:url\" content=\"http:\/\/turkumissio.fi\/missio\/rukouskirje-maaliskuu-2019\/\" \/>\n<meta property=\"og:site_name\" content=\"Turkumissio ry\" \/>\n<meta property=\"article:published_time\" content=\"2019-03-14T21:52:06+00:00\" \/>\n<meta property=\"article:modified_time\" content=\"2019-04-01T13:47:27+00:00\" \/>\n<meta property=\"og:image\" content=\"http:\/\/turkumissio.fi\/missio\/wp-content\/uploads\/Artikkelikuva.jpg\" \/>\n\t<meta property=\"og:image:width\" content=\"982\" \/>\n\t<meta property=\"og:image:height\" content=\"896\" \/>\n\t<meta property=\"og:image:type\" content=\"image\/jpeg\" \/>\n<meta name=\"author\" content=\"tumi-editori\" \/>\n<meta name=\"twitter:card\" content=\"summary_large_image\" \/>\n<meta name=\"twitter:label1\" content=\"Kirjoittanut\" \/>\n\t<meta name=\"twitter:data1\" content=\"tumi-editori\" \/>\n\t<meta name=\"twitter:label2\" content=\"Arvioitu lukuaika\" \/>\n\t<meta name=\"twitter:data2\" content=\"1 minuutti\" \/>\n<script type=\"application\/ld+json\" class=\"yoast-schema-graph\">{\"@context\":\"https:\/\/schema.org\",\"@graph\":[{\"@type\":\"Article\",\"@id\":\"http:\/\/turkumissio.fi\/missio\/rukouskirje-maaliskuu-2019\/#article\",\"isPartOf\":{\"@id\":\"http:\/\/turkumissio.fi\/missio\/rukouskirje-maaliskuu-2019\/\"},\"author\":{\"name\":\"tumi-editori\",\"@id\":\"https:\/\/turkumissio.fi\/missio\/#\/schema\/person\/20fb6094bdd95a962343b528a2777b6a\"},\"headline\":\"Rukouskirje maaliskuu 2019\",\"datePublished\":\"2019-03-14T21:52:06+00:00\",\"dateModified\":\"2019-04-01T13:47:27+00:00\",\"mainEntityOfPage\":{\"@id\":\"http:\/\/turkumissio.fi\/missio\/rukouskirje-maaliskuu-2019\/\"},\"wordCount\":279,\"image\":{\"@id\":\"http:\/\/turkumissio.fi\/missio\/rukouskirje-maaliskuu-2019\/#primaryimage\"},\"thumbnailUrl\":\"http:\/\/turkumissio.fi\/missio\/wp-content\/uploads\/Artikkelikuva.jpg\",\"articleSection\":[\"Rukouskirje\"],\"inLanguage\":\"fi\"},{\"@type\":\"WebPage\",\"@id\":\"http:\/\/turkumissio.fi\/missio\/rukouskirje-maaliskuu-2019\/\",\"url\":\"http:\/\/turkumissio.fi\/missio\/rukouskirje-maaliskuu-2019\/\",\"name\":\"Rukouskirje maaliskuu 2019 - Turkumissio ry\",\"isPartOf\":{\"@id\":\"https:\/\/turkumissio.fi\/missio\/#website\"},\"primaryImageOfPage\":{\"@id\":\"http:\/\/turkumissio.fi\/missio\/rukouskirje-maaliskuu-2019\/#primaryimage\"},\"image\":{\"@id\":\"http:\/\/turkumissio.fi\/missio\/rukouskirje-maaliskuu-2019\/#primaryimage\"},\"thumbnailUrl\":\"http:\/\/turkumissio.fi\/missio\/wp-content\/uploads\/Artikkelikuva.jpg\",\"datePublished\":\"2019-03-14T21:52:06+00:00\",\"dateModified\":\"2019-04-01T13:47:27+00:00\",\"author\":{\"@id\":\"https:\/\/turkumissio.fi\/missio\/#\/schema\/person\/20fb6094bdd95a962343b528a2777b6a\"},\"breadcrumb\":{\"@id\":\"http:\/\/turkumissio.fi\/missio\/rukouskirje-maaliskuu-2019\/#breadcrumb\"},\"inLanguage\":\"fi\",\"potentialAction\":[{\"@type\":\"ReadAction\",\"target\":[\"http:\/\/turkumissio.fi\/missio\/rukouskirje-maaliskuu-2019\/\"]}]},{\"@type\":\"ImageObject\",\"inLanguage\":\"fi\",\"@id\":\"http:\/\/turkumissio.fi\/missio\/rukouskirje-maaliskuu-2019\/#primaryimage\",\"url\":\"http:\/\/turkumissio.fi\/missio\/wp-content\/uploads\/Artikkelikuva.jpg\",\"contentUrl\":\"http:\/\/turkumissio.fi\/missio\/wp-content\/uploads\/Artikkelikuva.jpg\",\"width\":982,\"height\":896},{\"@type\":\"BreadcrumbList\",\"@id\":\"http:\/\/turkumissio.fi\/missio\/rukouskirje-maaliskuu-2019\/#breadcrumb\",\"itemListElement\":[{\"@type\":\"ListItem\",\"position\":1,\"name\":\"Etusivu\",\"item\":\"https:\/\/turkumissio.fi\/missio\/\"},{\"@type\":\"ListItem\",\"position\":2,\"name\":\"Rukouskirje maaliskuu 2019\"}]},{\"@type\":\"WebSite\",\"@id\":\"https:\/\/turkumissio.fi\/missio\/#website\",\"url\":\"https:\/\/turkumissio.fi\/missio\/\",\"name\":\"Turkumissio ry\",\"description\":\"\",\"potentialAction\":[{\"@type\":\"SearchAction\",\"target\":{\"@type\":\"EntryPoint\",\"urlTemplate\":\"https:\/\/turkumissio.fi\/missio\/?s={search_term_string}\"},\"query-input\":{\"@type\":\"PropertyValueSpecification\",\"valueRequired\":true,\"valueName\":\"search_term_string\"}}],\"inLanguage\":\"fi\"},{\"@type\":\"Person\",\"@id\":\"https:\/\/turkumissio.fi\/missio\/#\/schema\/person\/20fb6094bdd95a962343b528a2777b6a\",\"name\":\"tumi-editori\",\"image\":{\"@type\":\"ImageObject\",\"inLanguage\":\"fi\",\"@id\":\"https:\/\/turkumissio.fi\/missio\/#\/schema\/person\/image\/\",\"url\":\"https:\/\/secure.gravatar.com\/avatar\/7d29d6ae3266d9872bb9ca5e1a0e85a8ccac4e114f6104c64e9ba6c31dec6cf4?s=96&d=mm&r=g\",\"contentUrl\":\"https:\/\/secure.gravatar.com\/avatar\/7d29d6ae3266d9872bb9ca5e1a0e85a8ccac4e114f6104c64e9ba6c31dec6cf4?s=96&d=mm&r=g\",\"caption\":\"tumi-editori\"},\"url\":\"http:\/\/turkumissio.fi\/missio\/author\/tumi-editori\/\"}]}<\/script>\n<!-- \/ Yoast SEO plugin. -->","yoast_head_json":{"title":"Rukouskirje maaliskuu 2019 - Turkumissio ry","robots":{"index":"index","follow":"follow","max-snippet":"max-snippet:-1","max-image-preview":"max-image-preview:large","max-video-preview":"max-video-preview:-1"},"canonical":"http:\/\/turkumissio.fi\/missio\/rukouskirje-maaliskuu-2019\/","og_locale":"fi_FI","og_type":"article","og_title":"Rukouskirje maaliskuu 2019 - Turkumissio ry","og_description":"RUKOUSKIRJE \u2013 Turku rukoilee \u2013p\u00e4iv\u00e4 \u201dTurku Jeesukselle\u201d la 23.3. klo 10-16 Varisuon kirkolla (Kousankatu 6). Mukana Medad Birungi (Uganda), Pasi Jaakkola, Kristiina Frondelius ja Pekka Heikkil\u00e4. Turun valo Jeesus puhui taas kansalle ja sanoi: \u00bbMin\u00e4 olen maailman valo. Se, joka &hellip; Continued","og_url":"http:\/\/turkumissio.fi\/missio\/rukouskirje-maaliskuu-2019\/","og_site_name":"Turkumissio ry","article_published_time":"2019-03-14T21:52:06+00:00","article_modified_time":"2019-04-01T13:47:27+00:00","og_image":[{"width":982,"height":896,"url":"http:\/\/turkumissio.fi\/missio\/wp-content\/uploads\/Artikkelikuva.jpg","type":"image\/jpeg"}],"author":"tumi-editori","twitter_card":"summary_large_image","twitter_misc":{"Kirjoittanut":"tumi-editori","Arvioitu lukuaika":"1 minuutti"},"schema":{"@context":"https:\/\/schema.org","@graph":[{"@type":"Article","@id":"http:\/\/turkumissio.fi\/missio\/rukouskirje-maaliskuu-2019\/#article","isPartOf":{"@id":"http:\/\/turkumissio.fi\/missio\/rukouskirje-maaliskuu-2019\/"},"author":{"name":"tumi-editori","@id":"https:\/\/turkumissio.fi\/missio\/#\/schema\/person\/20fb6094bdd95a962343b528a2777b6a"},"headline":"Rukouskirje maaliskuu 2019","datePublished":"2019-03-14T21:52:06+00:00","dateModified":"2019-04-01T13:47:27+00:00","mainEntityOfPage":{"@id":"http:\/\/turkumissio.fi\/missio\/rukouskirje-maaliskuu-2019\/"},"wordCount":279,"image":{"@id":"http:\/\/turkumissio.fi\/missio\/rukouskirje-maaliskuu-2019\/#primaryimage"},"thumbnailUrl":"http:\/\/turkumissio.fi\/missio\/wp-content\/uploads\/Artikkelikuva.jpg","articleSection":["Rukouskirje"],"inLanguage":"fi"},{"@type":"WebPage","@id":"http:\/\/turkumissio.fi\/missio\/rukouskirje-maaliskuu-2019\/","url":"http:\/\/turkumissio.fi\/missio\/rukouskirje-maaliskuu-2019\/","name":"Rukouskirje maaliskuu 2019 - Turkumissio ry","isPartOf":{"@id":"https:\/\/turkumissio.fi\/missio\/#website"},"primaryImageOfPage":{"@id":"http:\/\/turkumissio.fi\/missio\/rukouskirje-maaliskuu-2019\/#primaryimage"},"image":{"@id":"http:\/\/turkumissio.fi\/missio\/rukouskirje-maaliskuu-2019\/#primaryimage"},"thumbnailUrl":"http:\/\/turkumissio.fi\/missio\/wp-content\/uploads\/Artikkelikuva.jpg","datePublished":"2019-03-14T21:52:06+00:00","dateModified":"2019-04-01T13:47:27+00:00","author":{"@id":"https:\/\/turkumissio.fi\/missio\/#\/schema\/person\/20fb6094bdd95a962343b528a2777b6a"},"breadcrumb":{"@id":"http:\/\/turkumissio.fi\/missio\/rukouskirje-maaliskuu-2019\/#breadcrumb"},"inLanguage":"fi","potentialAction":[{"@type":"ReadAction","target":["http:\/\/turkumissio.fi\/missio\/rukouskirje-maaliskuu-2019\/"]}]},{"@type":"ImageObject","inLanguage":"fi","@id":"http:\/\/turkumissio.fi\/missio\/rukouskirje-maaliskuu-2019\/#primaryimage","url":"http:\/\/turkumissio.fi\/missio\/wp-content\/uploads\/Artikkelikuva.jpg","contentUrl":"http:\/\/turkumissio.fi\/missio\/wp-content\/uploads\/Artikkelikuva.jpg","width":982,"height":896},{"@type":"BreadcrumbList","@id":"http:\/\/turkumissio.fi\/missio\/rukouskirje-maaliskuu-2019\/#breadcrumb","itemListElement":[{"@type":"ListItem","position":1,"name":"Etusivu","item":"https:\/\/turkumissio.fi\/missio\/"},{"@type":"ListItem","position":2,"name":"Rukouskirje maaliskuu 2019"}]},{"@type":"WebSite","@id":"https:\/\/turkumissio.fi\/missio\/#website","url":"https:\/\/turkumissio.fi\/missio\/","name":"Turkumissio ry","description":"","potentialAction":[{"@type":"SearchAction","target":{"@type":"EntryPoint","urlTemplate":"https:\/\/turkumissio.fi\/missio\/?s={search_term_string}"},"query-input":{"@type":"PropertyValueSpecification","valueRequired":true,"valueName":"search_term_string"}}],"inLanguage":"fi"},{"@type":"Person","@id":"https:\/\/turkumissio.fi\/missio\/#\/schema\/person\/20fb6094bdd95a962343b528a2777b6a","name":"tumi-editori","image":{"@type":"ImageObject","inLanguage":"fi","@id":"https:\/\/turkumissio.fi\/missio\/#\/schema\/person\/image\/","url":"https:\/\/secure.gravatar.com\/avatar\/7d29d6ae3266d9872bb9ca5e1a0e85a8ccac4e114f6104c64e9ba6c31dec6cf4?s=96&d=mm&r=g","contentUrl":"https:\/\/secure.gravatar.com\/avatar\/7d29d6ae3266d9872bb9ca5e1a0e85a8ccac4e114f6104c64e9ba6c31dec6cf4?s=96&d=mm&r=g","caption":"tumi-editori"},"url":"http:\/\/turkumissio.fi\/missio\/author\/tumi-editori\/"}]}},"_links":{"self":[{"href":"http:\/\/turkumissio.fi\/missio\/wp-json\/wp\/v2\/posts\/531","targetHints":{"allow":["GET"]}}],"collection":[{"href":"http:\/\/turkumissio.fi\/missio\/wp-json\/wp\/v2\/posts"}],"about":[{"href":"http:\/\/turkumissio.fi\/missio\/wp-json\/wp\/v2\/types\/post"}],"author":[{"embeddable":true,"href":"http:\/\/turkumissio.fi\/missio\/wp-json\/wp\/v2\/users\/1"}],"replies":[{"embeddable":true,"href":"http:\/\/turkumissio.fi\/missio\/wp-json\/wp\/v2\/comments?post=531"}],"version-history":[{"count":3,"href":"http:\/\/turkumissio.fi\/missio\/wp-json\/wp\/v2\/posts\/531\/revisions"}],"predecessor-version":[{"id":535,"href":"http:\/\/turkumissio.fi\/missio\/wp-json\/wp\/v2\/posts\/531\/revisions\/535"}],"wp:featuredmedia":[{"embeddable":true,"href":"http:\/\/turkumissio.fi\/missio\/wp-json\/wp\/v2\/media\/376"}],"wp:attachment":[{"href":"http:\/\/turkumissio.fi\/missio\/wp-json\/wp\/v2\/media?parent=531"}],"wp:term":[{"taxonomy":"category","embeddable":true,"href":"http:\/\/turkumissio.fi\/missio\/wp-json\/wp\/v2\/categories?post=531"},{"taxonomy":"post_tag","embeddable":true,"href":"http:\/\/turkumissio.fi\/missio\/wp-json\/wp\/v2\/tags?post=531"}],"curies":[{"name":"wp","href":"https:\/\/api.w.org\/{rel}","templated":true}]}}