{"id":537,"date":"2019-04-01T16:38:21","date_gmt":"2019-04-01T13:38:21","guid":{"rendered":"http:\/\/turkumissio.fi\/missio\/?p=537"},"modified":"2019-04-01T17:10:45","modified_gmt":"2019-04-01T14:10:45","slug":"rukouskirje-huhtikuu-2019","status":"publish","type":"post","link":"http:\/\/turkumissio.fi\/missio\/rukouskirje-huhtikuu-2019\/","title":{"rendered":"Rukouskirje huhtikuu 2019"},"content":{"rendered":"<p><strong>Rukouskirje<\/strong> &#8211; huhtikuun Turku rukoilee -ilta <strong>Turun helluntaiseurakunnalla ke 3.4. klo 19.00<\/strong> otsikolla <em><strong>Uusi sukupolvi johtamassa rukousta<\/strong><\/em>. Illasta vastaavat pastorit <strong>Matti Hernesaho<\/strong> ja <strong>Ville Anttila<\/strong>. Houseb\u00e4ndin\u00e4 <strong>JSound.<\/strong> L\u00e4mpim\u00e4sti tervetuloa kaikenik\u00e4iset!<\/p>\n<p>Vuosi sitten vietimme ensimm\u00e4ist\u00e4 New Generation -rukousiltaa Mikaelinkirkossa. Tuolloin rukoilimme erityisesti nuoren sukupolven johdolla ja puolesta. Saimme kokea, kuinka Jumala aloitti jotain uutta. Keskiviikkona saamme olla viett\u00e4m\u00e4ss\u00e4 Turun helluntaiseurakunnalla jo kolmatta Turku rukoilee -iltaa t\u00e4ll\u00e4 teemalla.<\/p>\n<p>Olen saanut huomata, kuinka kuluneen vuoden aikana rukous sukupolvemme puolesta on kantanut hedelm\u00e4\u00e4 niin omassa nuorten aikuisten yhteis\u00f6ss\u00e4ni kuin pastorien ja muiden uuden sukupolven johtajien v\u00e4lisess\u00e4 rakkaudellisessa yst\u00e4vyydess\u00e4. T\u00e4m\u00e4n yhteyden hedelm\u00e4n\u00e4 koen ilona, ett\u00e4 saan oman yhteis\u00f6ni kanssa tulla yhteiseen rukousiltaan Turun helluntaiseurakuntaan. Odotan, ett\u00e4 kanssamme on rukoilemassa suuri joukko eri-ik\u00e4isi\u00e4 seurakuntalaisia, joille Jumala nostaa tai on nostanut syd\u00e4melle nuorten ja nuorten aikuisten siunaamisen ja tukemisen.<\/p>\n<p>Jotta uusi sukupolvi voi nousta sille paikalle, johon Jumala meit\u00e4 kutsuu, meid\u00e4n nuorten rukousel\u00e4m\u00e4n armolahjoineen on avauduttava nykyisest\u00e4. Rukoilenkin, ett\u00e4 yhteinen iltamme voisi olla siunauksellinen monelle nuorelle yli seurakuntarajojen. Ilman nuoria ja nuoria aikuisia Turku ei syty tuleen.<\/p>\n<p><strong>Kutsun sinua rukoilemaan jo ennen iltaamme seuraavien aiheiden puolesta<\/strong>:<\/p>\n<ul>\n<li>Nuorten ja nuorten aikuisten rukousel\u00e4m\u00e4n avautuminen<\/li>\n<li>Kristittyjen opiskelijoiden verkosto yliopistokampuksilla<\/li>\n<li>Nuoren sukupolven yhteis\u00f6jen johtajat<\/li>\n<li>Ett\u00e4 Jumala yll\u00e4tt\u00e4isi meid\u00e4t keskiviikkona<\/li>\n<\/ul>\n<p>Turku rukoilee -illassa mukana ovat muun muassa <strong>Ville Anttila<\/strong> helluntaiseurakunnasta, <strong>Matti Hernesaho<\/strong> Mikaelinseurakunnasta, <strong>Hannu V\u00e4lim\u00e4ki<\/strong> Kansan Raamattuseurasta sek\u00e4<strong> JSound<\/strong>. Takaamme, ett\u00e4 t\u00e4h\u00e4n iltaan kehtaat kutsua my\u00f6s lapsesi ja lapsenlapsesi!<\/p>\n<p><strong><em>Jeremia vastasi: \u201dVoi Herra, Jumalani, en min\u00e4 osaa puhua, min\u00e4 olen niin nuori!\u201d Silloin Herra sanoi: \u201d\u00c4l\u00e4 sano, ett\u00e4 olet nuori, vaan mene, minne ikin\u00e4 sinut l\u00e4het\u00e4n, ja puhu, mit\u00e4 min\u00e4 k\u00e4sken sinun puhua. \u00c4l\u00e4 Pelk\u00e4\u00e4 ket\u00e4\u00e4n, sill\u00e4 min\u00e4, Herra, olen sinun kanssasi ja suojelen sinua\u201d (Jer. 1:6-8)<\/em><\/strong><\/p>\n<p>New generation -tiimin puolesta,<\/p>\n<p><em>Matti Hernesaho<\/em><\/p>\n<p><strong>TULEVAT TAPAHTUMAT<\/strong><\/p>\n<p><b>24\/7-rukoushuone 8.-14.4.2019 <\/b><strong>Sinitaivassalilla<\/strong> (Rauhankatu 15 D) tulevien eduskuntavaalien ja p\u00e4\u00e4tt\u00e4jien puolesta. Rukousvuorojen varaukset:\u00a0<a href=\"https:\/\/www.24-7prayer.com\/signup\/5768ec\">https:\/\/www.24-7prayer.com\/signup\/5768ec<\/a><\/p>\n<p><b>Ke 15.5. klo 19<\/b> (Huom muuttunut aika!) <strong>Vapaakirkko\/Hope<\/strong>, Tuureporink. 10 rukousta my\u00f6s Turun kukkuloilla, Pasi Jaakkola<\/p>\n<p>Lis\u00e4tiedot: www.turkumissio.fi<\/p>\n<p>&nbsp;<\/p>\n<p><img loading=\"lazy\" decoding=\"async\" class=\"alignnone size-medium wp-image-539\" src=\"http:\/\/turkumissio.fi\/missio\/wp-content\/uploads\/NG_rukoilee_fb_1200x630-300x158.jpeg\" alt=\"\" width=\"300\" height=\"158\" srcset=\"http:\/\/turkumissio.fi\/missio\/wp-content\/uploads\/NG_rukoilee_fb_1200x630-300x158.jpeg 300w, http:\/\/turkumissio.fi\/missio\/wp-content\/uploads\/NG_rukoilee_fb_1200x630-768x403.jpeg 768w, http:\/\/turkumissio.fi\/missio\/wp-content\/uploads\/NG_rukoilee_fb_1200x630-1024x538.jpeg 1024w, http:\/\/turkumissio.fi\/missio\/wp-content\/uploads\/NG_rukoilee_fb_1200x630.jpeg 1200w\" sizes=\"auto, (max-width: 300px) 100vw, 300px\" \/><\/p>\n","protected":false},"excerpt":{"rendered":"<p>Rukouskirje &#8211; huhtikuun Turku rukoilee -ilta Turun helluntaiseurakunnalla ke 3.4. klo 19.00 otsikolla Uusi sukupolvi johtamassa rukousta. Illasta vastaavat pastorit Matti Hernesaho ja Ville Anttila. Houseb\u00e4ndin\u00e4 JSound. L\u00e4mpim\u00e4sti tervetuloa kaikenik\u00e4iset! Vuosi sitten vietimme ensimm\u00e4ist\u00e4 New Generation -rukousiltaa Mikaelinkirkossa. Tuolloin rukoilimme &hellip; <a href=\"http:\/\/turkumissio.fi\/missio\/rukouskirje-huhtikuu-2019\/\">Continued<\/a><\/p>\n","protected":false},"author":1,"featured_media":540,"comment_status":"closed","ping_status":"closed","sticky":false,"template":"","format":"standard","meta":{"footnotes":""},"categories":[7],"tags":[25,22,24,34],"class_list":["post-537","post","type-post","status-publish","format-standard","has-post-thumbnail","hentry","category-rukouskirje","tag-matti-hernesaho","tag-new-generation","tag-uusi-sukupolvi","tag-ville-anttila"],"yoast_head":"<!-- This site is optimized with the Yoast SEO plugin v26.8 - https:\/\/yoast.com\/product\/yoast-seo-wordpress\/ -->\n<title>Rukouskirje huhtikuu 2019 - Turkumissio ry<\/title>\n<meta name=\"robots\" content=\"index, follow, max-snippet:-1, max-image-preview:large, max-video-preview:-1\" \/>\n<link rel=\"canonical\" href=\"http:\/\/turkumissio.fi\/missio\/rukouskirje-huhtikuu-2019\/\" \/>\n<meta property=\"og:locale\" content=\"fi_FI\" \/>\n<meta property=\"og:type\" content=\"article\" \/>\n<meta property=\"og:title\" content=\"Rukouskirje huhtikuu 2019 - Turkumissio ry\" \/>\n<meta property=\"og:description\" content=\"Rukouskirje &#8211; huhtikuun Turku rukoilee -ilta Turun helluntaiseurakunnalla ke 3.4. klo 19.00 otsikolla Uusi sukupolvi johtamassa rukousta. Illasta vastaavat pastorit Matti Hernesaho ja Ville Anttila. Houseb\u00e4ndin\u00e4 JSound. L\u00e4mpim\u00e4sti tervetuloa kaikenik\u00e4iset! Vuosi sitten vietimme ensimm\u00e4ist\u00e4 New Generation -rukousiltaa Mikaelinkirkossa. Tuolloin rukoilimme &hellip; Continued\" \/>\n<meta property=\"og:url\" content=\"http:\/\/turkumissio.fi\/missio\/rukouskirje-huhtikuu-2019\/\" \/>\n<meta property=\"og:site_name\" content=\"Turkumissio ry\" \/>\n<meta property=\"article:published_time\" content=\"2019-04-01T13:38:21+00:00\" \/>\n<meta property=\"article:modified_time\" content=\"2019-04-01T14:10:45+00:00\" \/>\n<meta property=\"og:image\" content=\"http:\/\/turkumissio.fi\/missio\/wp-content\/uploads\/NG_rukoilee_1080x1080.jpeg\" \/>\n\t<meta property=\"og:image:width\" content=\"1080\" \/>\n\t<meta property=\"og:image:height\" content=\"1080\" \/>\n\t<meta property=\"og:image:type\" content=\"image\/jpeg\" \/>\n<meta name=\"author\" content=\"tumi-editori\" \/>\n<meta name=\"twitter:card\" content=\"summary_large_image\" \/>\n<meta name=\"twitter:label1\" content=\"Kirjoittanut\" \/>\n\t<meta name=\"twitter:data1\" content=\"tumi-editori\" \/>\n\t<meta name=\"twitter:label2\" content=\"Arvioitu lukuaika\" \/>\n\t<meta name=\"twitter:data2\" content=\"2 minuuttia\" \/>\n<script type=\"application\/ld+json\" class=\"yoast-schema-graph\">{\"@context\":\"https:\/\/schema.org\",\"@graph\":[{\"@type\":\"Article\",\"@id\":\"http:\/\/turkumissio.fi\/missio\/rukouskirje-huhtikuu-2019\/#article\",\"isPartOf\":{\"@id\":\"http:\/\/turkumissio.fi\/missio\/rukouskirje-huhtikuu-2019\/\"},\"author\":{\"name\":\"tumi-editori\",\"@id\":\"https:\/\/turkumissio.fi\/missio\/#\/schema\/person\/20fb6094bdd95a962343b528a2777b6a\"},\"headline\":\"Rukouskirje huhtikuu 2019\",\"datePublished\":\"2019-04-01T13:38:21+00:00\",\"dateModified\":\"2019-04-01T14:10:45+00:00\",\"mainEntityOfPage\":{\"@id\":\"http:\/\/turkumissio.fi\/missio\/rukouskirje-huhtikuu-2019\/\"},\"wordCount\":361,\"image\":{\"@id\":\"http:\/\/turkumissio.fi\/missio\/rukouskirje-huhtikuu-2019\/#primaryimage\"},\"thumbnailUrl\":\"http:\/\/turkumissio.fi\/missio\/wp-content\/uploads\/NG_rukoilee_1080x1080.jpeg\",\"keywords\":[\"Matti Hernesaho\",\"new generation\",\"uusi sukupolvi\",\"Ville Anttila\"],\"articleSection\":[\"Rukouskirje\"],\"inLanguage\":\"fi\"},{\"@type\":\"WebPage\",\"@id\":\"http:\/\/turkumissio.fi\/missio\/rukouskirje-huhtikuu-2019\/\",\"url\":\"http:\/\/turkumissio.fi\/missio\/rukouskirje-huhtikuu-2019\/\",\"name\":\"Rukouskirje huhtikuu 2019 - Turkumissio ry\",\"isPartOf\":{\"@id\":\"https:\/\/turkumissio.fi\/missio\/#website\"},\"primaryImageOfPage\":{\"@id\":\"http:\/\/turkumissio.fi\/missio\/rukouskirje-huhtikuu-2019\/#primaryimage\"},\"image\":{\"@id\":\"http:\/\/turkumissio.fi\/missio\/rukouskirje-huhtikuu-2019\/#primaryimage\"},\"thumbnailUrl\":\"http:\/\/turkumissio.fi\/missio\/wp-content\/uploads\/NG_rukoilee_1080x1080.jpeg\",\"datePublished\":\"2019-04-01T13:38:21+00:00\",\"dateModified\":\"2019-04-01T14:10:45+00:00\",\"author\":{\"@id\":\"https:\/\/turkumissio.fi\/missio\/#\/schema\/person\/20fb6094bdd95a962343b528a2777b6a\"},\"breadcrumb\":{\"@id\":\"http:\/\/turkumissio.fi\/missio\/rukouskirje-huhtikuu-2019\/#breadcrumb\"},\"inLanguage\":\"fi\",\"potentialAction\":[{\"@type\":\"ReadAction\",\"target\":[\"http:\/\/turkumissio.fi\/missio\/rukouskirje-huhtikuu-2019\/\"]}]},{\"@type\":\"ImageObject\",\"inLanguage\":\"fi\",\"@id\":\"http:\/\/turkumissio.fi\/missio\/rukouskirje-huhtikuu-2019\/#primaryimage\",\"url\":\"http:\/\/turkumissio.fi\/missio\/wp-content\/uploads\/NG_rukoilee_1080x1080.jpeg\",\"contentUrl\":\"http:\/\/turkumissio.fi\/missio\/wp-content\/uploads\/NG_rukoilee_1080x1080.jpeg\",\"width\":1080,\"height\":1080},{\"@type\":\"BreadcrumbList\",\"@id\":\"http:\/\/turkumissio.fi\/missio\/rukouskirje-huhtikuu-2019\/#breadcrumb\",\"itemListElement\":[{\"@type\":\"ListItem\",\"position\":1,\"name\":\"Etusivu\",\"item\":\"https:\/\/turkumissio.fi\/missio\/\"},{\"@type\":\"ListItem\",\"position\":2,\"name\":\"Rukouskirje huhtikuu 2019\"}]},{\"@type\":\"WebSite\",\"@id\":\"https:\/\/turkumissio.fi\/missio\/#website\",\"url\":\"https:\/\/turkumissio.fi\/missio\/\",\"name\":\"Turkumissio ry\",\"description\":\"\",\"potentialAction\":[{\"@type\":\"SearchAction\",\"target\":{\"@type\":\"EntryPoint\",\"urlTemplate\":\"https:\/\/turkumissio.fi\/missio\/?s={search_term_string}\"},\"query-input\":{\"@type\":\"PropertyValueSpecification\",\"valueRequired\":true,\"valueName\":\"search_term_string\"}}],\"inLanguage\":\"fi\"},{\"@type\":\"Person\",\"@id\":\"https:\/\/turkumissio.fi\/missio\/#\/schema\/person\/20fb6094bdd95a962343b528a2777b6a\",\"name\":\"tumi-editori\",\"image\":{\"@type\":\"ImageObject\",\"inLanguage\":\"fi\",\"@id\":\"https:\/\/turkumissio.fi\/missio\/#\/schema\/person\/image\/\",\"url\":\"https:\/\/secure.gravatar.com\/avatar\/7d29d6ae3266d9872bb9ca5e1a0e85a8ccac4e114f6104c64e9ba6c31dec6cf4?s=96&d=mm&r=g\",\"contentUrl\":\"https:\/\/secure.gravatar.com\/avatar\/7d29d6ae3266d9872bb9ca5e1a0e85a8ccac4e114f6104c64e9ba6c31dec6cf4?s=96&d=mm&r=g\",\"caption\":\"tumi-editori\"},\"url\":\"http:\/\/turkumissio.fi\/missio\/author\/tumi-editori\/\"}]}<\/script>\n<!-- \/ Yoast SEO plugin. -->","yoast_head_json":{"title":"Rukouskirje huhtikuu 2019 - Turkumissio ry","robots":{"index":"index","follow":"follow","max-snippet":"max-snippet:-1","max-image-preview":"max-image-preview:large","max-video-preview":"max-video-preview:-1"},"canonical":"http:\/\/turkumissio.fi\/missio\/rukouskirje-huhtikuu-2019\/","og_locale":"fi_FI","og_type":"article","og_title":"Rukouskirje huhtikuu 2019 - Turkumissio ry","og_description":"Rukouskirje &#8211; huhtikuun Turku rukoilee -ilta Turun helluntaiseurakunnalla ke 3.4. klo 19.00 otsikolla Uusi sukupolvi johtamassa rukousta. Illasta vastaavat pastorit Matti Hernesaho ja Ville Anttila. Houseb\u00e4ndin\u00e4 JSound. L\u00e4mpim\u00e4sti tervetuloa kaikenik\u00e4iset! Vuosi sitten vietimme ensimm\u00e4ist\u00e4 New Generation -rukousiltaa Mikaelinkirkossa. Tuolloin rukoilimme &hellip; Continued","og_url":"http:\/\/turkumissio.fi\/missio\/rukouskirje-huhtikuu-2019\/","og_site_name":"Turkumissio ry","article_published_time":"2019-04-01T13:38:21+00:00","article_modified_time":"2019-04-01T14:10:45+00:00","og_image":[{"width":1080,"height":1080,"url":"http:\/\/turkumissio.fi\/missio\/wp-content\/uploads\/NG_rukoilee_1080x1080.jpeg","type":"image\/jpeg"}],"author":"tumi-editori","twitter_card":"summary_large_image","twitter_misc":{"Kirjoittanut":"tumi-editori","Arvioitu lukuaika":"2 minuuttia"},"schema":{"@context":"https:\/\/schema.org","@graph":[{"@type":"Article","@id":"http:\/\/turkumissio.fi\/missio\/rukouskirje-huhtikuu-2019\/#article","isPartOf":{"@id":"http:\/\/turkumissio.fi\/missio\/rukouskirje-huhtikuu-2019\/"},"author":{"name":"tumi-editori","@id":"https:\/\/turkumissio.fi\/missio\/#\/schema\/person\/20fb6094bdd95a962343b528a2777b6a"},"headline":"Rukouskirje huhtikuu 2019","datePublished":"2019-04-01T13:38:21+00:00","dateModified":"2019-04-01T14:10:45+00:00","mainEntityOfPage":{"@id":"http:\/\/turkumissio.fi\/missio\/rukouskirje-huhtikuu-2019\/"},"wordCount":361,"image":{"@id":"http:\/\/turkumissio.fi\/missio\/rukouskirje-huhtikuu-2019\/#primaryimage"},"thumbnailUrl":"http:\/\/turkumissio.fi\/missio\/wp-content\/uploads\/NG_rukoilee_1080x1080.jpeg","keywords":["Matti Hernesaho","new generation","uusi sukupolvi","Ville Anttila"],"articleSection":["Rukouskirje"],"inLanguage":"fi"},{"@type":"WebPage","@id":"http:\/\/turkumissio.fi\/missio\/rukouskirje-huhtikuu-2019\/","url":"http:\/\/turkumissio.fi\/missio\/rukouskirje-huhtikuu-2019\/","name":"Rukouskirje huhtikuu 2019 - Turkumissio ry","isPartOf":{"@id":"https:\/\/turkumissio.fi\/missio\/#website"},"primaryImageOfPage":{"@id":"http:\/\/turkumissio.fi\/missio\/rukouskirje-huhtikuu-2019\/#primaryimage"},"image":{"@id":"http:\/\/turkumissio.fi\/missio\/rukouskirje-huhtikuu-2019\/#primaryimage"},"thumbnailUrl":"http:\/\/turkumissio.fi\/missio\/wp-content\/uploads\/NG_rukoilee_1080x1080.jpeg","datePublished":"2019-04-01T13:38:21+00:00","dateModified":"2019-04-01T14:10:45+00:00","author":{"@id":"https:\/\/turkumissio.fi\/missio\/#\/schema\/person\/20fb6094bdd95a962343b528a2777b6a"},"breadcrumb":{"@id":"http:\/\/turkumissio.fi\/missio\/rukouskirje-huhtikuu-2019\/#breadcrumb"},"inLanguage":"fi","potentialAction":[{"@type":"ReadAction","target":["http:\/\/turkumissio.fi\/missio\/rukouskirje-huhtikuu-2019\/"]}]},{"@type":"ImageObject","inLanguage":"fi","@id":"http:\/\/turkumissio.fi\/missio\/rukouskirje-huhtikuu-2019\/#primaryimage","url":"http:\/\/turkumissio.fi\/missio\/wp-content\/uploads\/NG_rukoilee_1080x1080.jpeg","contentUrl":"http:\/\/turkumissio.fi\/missio\/wp-content\/uploads\/NG_rukoilee_1080x1080.jpeg","width":1080,"height":1080},{"@type":"BreadcrumbList","@id":"http:\/\/turkumissio.fi\/missio\/rukouskirje-huhtikuu-2019\/#breadcrumb","itemListElement":[{"@type":"ListItem","position":1,"name":"Etusivu","item":"https:\/\/turkumissio.fi\/missio\/"},{"@type":"ListItem","position":2,"name":"Rukouskirje huhtikuu 2019"}]},{"@type":"WebSite","@id":"https:\/\/turkumissio.fi\/missio\/#website","url":"https:\/\/turkumissio.fi\/missio\/","name":"Turkumissio ry","description":"","potentialAction":[{"@type":"SearchAction","target":{"@type":"EntryPoint","urlTemplate":"https:\/\/turkumissio.fi\/missio\/?s={search_term_string}"},"query-input":{"@type":"PropertyValueSpecification","valueRequired":true,"valueName":"search_term_string"}}],"inLanguage":"fi"},{"@type":"Person","@id":"https:\/\/turkumissio.fi\/missio\/#\/schema\/person\/20fb6094bdd95a962343b528a2777b6a","name":"tumi-editori","image":{"@type":"ImageObject","inLanguage":"fi","@id":"https:\/\/turkumissio.fi\/missio\/#\/schema\/person\/image\/","url":"https:\/\/secure.gravatar.com\/avatar\/7d29d6ae3266d9872bb9ca5e1a0e85a8ccac4e114f6104c64e9ba6c31dec6cf4?s=96&d=mm&r=g","contentUrl":"https:\/\/secure.gravatar.com\/avatar\/7d29d6ae3266d9872bb9ca5e1a0e85a8ccac4e114f6104c64e9ba6c31dec6cf4?s=96&d=mm&r=g","caption":"tumi-editori"},"url":"http:\/\/turkumissio.fi\/missio\/author\/tumi-editori\/"}]}},"_links":{"self":[{"href":"http:\/\/turkumissio.fi\/missio\/wp-json\/wp\/v2\/posts\/537","targetHints":{"allow":["GET"]}}],"collection":[{"href":"http:\/\/turkumissio.fi\/missio\/wp-json\/wp\/v2\/posts"}],"about":[{"href":"http:\/\/turkumissio.fi\/missio\/wp-json\/wp\/v2\/types\/post"}],"author":[{"embeddable":true,"href":"http:\/\/turkumissio.fi\/missio\/wp-json\/wp\/v2\/users\/1"}],"replies":[{"embeddable":true,"href":"http:\/\/turkumissio.fi\/missio\/wp-json\/wp\/v2\/comments?post=537"}],"version-history":[{"count":7,"href":"http:\/\/turkumissio.fi\/missio\/wp-json\/wp\/v2\/posts\/537\/revisions"}],"predecessor-version":[{"id":547,"href":"http:\/\/turkumissio.fi\/missio\/wp-json\/wp\/v2\/posts\/537\/revisions\/547"}],"wp:featuredmedia":[{"embeddable":true,"href":"http:\/\/turkumissio.fi\/missio\/wp-json\/wp\/v2\/media\/540"}],"wp:attachment":[{"href":"http:\/\/turkumissio.fi\/missio\/wp-json\/wp\/v2\/media?parent=537"}],"wp:term":[{"taxonomy":"category","embeddable":true,"href":"http:\/\/turkumissio.fi\/missio\/wp-json\/wp\/v2\/categories?post=537"},{"taxonomy":"post_tag","embeddable":true,"href":"http:\/\/turkumissio.fi\/missio\/wp-json\/wp\/v2\/tags?post=537"}],"curies":[{"name":"wp","href":"https:\/\/api.w.org\/{rel}","templated":true}]}}