{"id":757,"date":"2021-03-02T15:46:45","date_gmt":"2021-03-02T13:46:45","guid":{"rendered":"http:\/\/turkumissio.fi\/missio\/?p=757"},"modified":"2021-03-02T16:19:22","modified_gmt":"2021-03-02T14:19:22","slug":"rukouskirje-maaliskuu-2021","status":"publish","type":"post","link":"http:\/\/turkumissio.fi\/missio\/rukouskirje-maaliskuu-2021\/","title":{"rendered":"Rukouskirje maaliskuu 2021"},"content":{"rendered":"<p><strong>Maaliskuun TURKU RUKOILEE -ilta torstaina 4.3. klo 18.30<\/strong> osoitteessa <a href=\"http:\/\/www.facebook.com\/turkumissio\"><strong>www.facebook.com\/turkumissio<\/strong><\/a><strong>.\u00a0<\/strong>Vieraana seurakunnan johtaja<strong> Teemu Sormunen<\/strong><\/p>\n<p>Koronatilanteesta johtuen maaliskuun Turku rukoilee -ilta toteutuu ainoastaan et\u00e4yhteyden kautta TurkuMission kaikille avoimella Facebook-sivulla (linkki yll\u00e4) niin, ett\u00e4 paikanp\u00e4\u00e4ll\u00e4 Raision kirkossa on vain tilaisuuden toteuttava joukko. Illan opetuksesta vastaa seurakunnan johtaja Teemu Sormunen Hopeseurakunnasta (Turun Vapaasrk), juonnoista Vesa Siltala ja ylistyksest\u00e4 Kaisa Nybom. Rukouksessa avustavat Arto Raassina ja Minna Savolainen. Mukana my\u00f6s Raision seurakunnan kirkkoherra Sari Lehti.<\/p>\n<p><strong>Maaliskuun rukouskirje<\/strong><\/p>\n<p>Mit\u00e4 sinussa kipin\u00f6i?<\/p>\n<p><em>\u201dHerra, k\u00e4\u00e4nny jo puoleemme. Kuinka kauan viel\u00e4 viivyt?\u201d\u00a0<\/em>(Psalmi 90:13)<\/p>\n<p>Sanotaan, ett\u00e4 seitsem\u00e4nkymment\u00e4 prosenttia psalmeista on kivun ja tuskan viestimist\u00e4. Lainaamassani psalmissa, psalminkirjoittaja Mooses asetteli ep\u00e4toivosta\u00a0nousevat sanansa varsin n\u00e4tisti, mutta Psalmien kirjaan mahtuu my\u00f6s lauluja, joiden kohdalla lukija huomaa ettei psalminkirjoittaja kuvaa tunteitaan yht\u00e4 s\u00e4vyisin\u00a0sanamuodoin. V\u00e4lill\u00e4 psalmit ovat rehellisen raadollista tunteiden purkausta. Monelle psalmit ovat rakkaita juuri siksi, ett\u00e4 ne koskettaa lukijaansa aitoudellaan &#8211; ne\u00a0antavat luvan tulla Jumalan eteen niin sanotusti \u201dsanoja s\u00e4\u00e4stelem\u00e4tt\u00e4\u201d.<\/p>\n<p>Vuosi sitten maaliskuussa jokaisen arki muuttui koronan my\u00f6t\u00e4 ja voi olla, ett\u00e4 uusimpia uutisia lukiessasi sis\u00e4ll\u00e4si nousee ep\u00e4uskoisia kysymyksi\u00e4: \u201dEik\u00f6 t\u00e4m\u00e4 lopu\u00a0koskaan?\u201d &#8211; \u201dKuinka kauan viel\u00e4?\u201d &#8211; \u201dJumala, miss\u00e4 sin\u00e4 viivyt?\u201d<\/p>\n<p>Joku on sanonut luovuuden ja taiteen suurimman vihollisen olevan mukavuus ja helppous. Usein luovuus syntyy juuri siin\u00e4 paikassa, miss\u00e4 kipu l\u00f6yt\u00e4\u00e4 sanat.\u00a0El\u00e4mme ajassa, johon liittyy kipua, turhautumista, kysymyksi\u00e4 &#8211; ehk\u00e4 menetyst\u00e4 ja suruakin. Siksi haluan kysy\u00e4, mit\u00e4 sinussa kipin\u00f6i, kun ajattelet korona-aikaa?\u00a0Mit\u00e4 tunteita sinussa her\u00e4\u00e4 tai nousee? Mink\u00e4laisin sanak\u00e4\u00e4ntein p\u00e4\u00e4dyt rukoilemaan kaiken t\u00e4m\u00e4n keskell\u00e4? Jos olet laulun kirjoittaja, miss\u00e4 s\u00e4vellajissa uuden\u00a0laulusi hyr\u00e4ilisit? Jos tykk\u00e4\u00e4t maalata, mit\u00e4 s\u00e4vyj\u00e4 pensseliisi sekoittaisit? Mit\u00e4 kirjoitat tai olet kirjoittanut p\u00e4iv\u00e4kirjaasi? Mit\u00e4 t\u00e4m\u00e4 aika ohjaa sinut innovoimaan?\u00a0Mill\u00e4 tavoin sinua kutsutaan rakastamaan l\u00e4himm\u00e4ist\u00e4?<\/p>\n<p>Jumalan maailmassa kaikkein ep\u00e4todenn\u00e4k\u00f6isimm\u00e4t paikat ovat usein niit\u00e4 paikkoja, joissa ep\u00e4todenn\u00e4k\u00f6inen tapahtuu. Minun ei tarvitse mainita kuin kukkula nimelt\u00e4\u00a0Golgata, niin ymm\u00e4rr\u00e4t mit\u00e4 tarkoitan. Jumalalle mahdoton ei ole koskaan mahdotonta ja siksi tohdin kysy\u00e4: Voisiko t\u00e4m\u00e4n ajan keskell\u00e4 synty\u00e4 jotain uutta ja\u00a0merkitt\u00e4v\u00e4\u00e4? Mit\u00e4 kaunista syntyisi sen seurauksena, kun p\u00e4\u00e4st\u00e4mme ulos sen, mik\u00e4 sis\u00e4ll\u00e4mme kipin\u00f6i? Ja ehk\u00e4 juuri sen my\u00f6t\u00e4, kun jaamme sen mit\u00e4 olemme sis\u00e4\u00e4mme k\u00e4tkeneet, t\u00e4m\u00e4 aika kaikessa ep\u00e4todenn\u00e4k\u00f6isyydess\u00e4\u00e4n t\u00e4yttyykin tapahtumista ja sattumuksista, joita my\u00f6s ihmeiksi kutsutaan: \u201dJuuri kun sit\u00e4\u00a0eniten tarvitsin, l\u00f6ysin t\u00e4m\u00e4n runon.\u201d &#8211; \u201dJuuri, kun sit\u00e4 eniten tarvitsin, kuulin t\u00e4m\u00e4n laulun.\u201d &#8211; \u201dJuuri silloin, kun kaipasin kuulijaa, h\u00e4n soitti.\u201d &#8211; \u201dKun h\u00e4n rukoili\u00a0puolestani, ihmeellinen rauha\u2026\u201d<\/p>\n<p>Teemu Sormunen<br \/>\nSeurakunnanjohtaja, Hopeseurakunta<\/p>\n","protected":false},"excerpt":{"rendered":"<p>Maaliskuun TURKU RUKOILEE -ilta torstaina 4.3. klo 18.30 osoitteessa www.facebook.com\/turkumissio.\u00a0Vieraana seurakunnan johtaja Teemu Sormunen Koronatilanteesta johtuen maaliskuun Turku rukoilee -ilta toteutuu ainoastaan et\u00e4yhteyden kautta TurkuMission kaikille avoimella Facebook-sivulla (linkki yll\u00e4) niin, ett\u00e4 paikanp\u00e4\u00e4ll\u00e4 Raision kirkossa on vain tilaisuuden toteuttava joukko. &hellip; <a href=\"http:\/\/turkumissio.fi\/missio\/rukouskirje-maaliskuu-2021\/\">Continued<\/a><\/p>\n","protected":false},"author":1,"featured_media":760,"comment_status":"closed","ping_status":"closed","sticky":false,"template":"","format":"standard","meta":{"footnotes":""},"categories":[7],"tags":[47,11],"class_list":["post-757","post","type-post","status-publish","format-standard","has-post-thumbnail","hentry","category-rukouskirje","tag-teemu-sormunen","tag-turku-rukoilee"],"yoast_head":"<!-- This site is optimized with the Yoast SEO plugin v26.8 - https:\/\/yoast.com\/product\/yoast-seo-wordpress\/ -->\n<title>Rukouskirje maaliskuu 2021 - Turkumissio ry<\/title>\n<meta name=\"robots\" content=\"index, follow, max-snippet:-1, max-image-preview:large, max-video-preview:-1\" \/>\n<link rel=\"canonical\" href=\"http:\/\/turkumissio.fi\/missio\/rukouskirje-maaliskuu-2021\/\" \/>\n<meta property=\"og:locale\" content=\"fi_FI\" \/>\n<meta property=\"og:type\" content=\"article\" \/>\n<meta property=\"og:title\" content=\"Rukouskirje maaliskuu 2021 - Turkumissio ry\" \/>\n<meta property=\"og:description\" content=\"Maaliskuun TURKU RUKOILEE -ilta torstaina 4.3. klo 18.30 osoitteessa www.facebook.com\/turkumissio.\u00a0Vieraana seurakunnan johtaja Teemu Sormunen Koronatilanteesta johtuen maaliskuun Turku rukoilee -ilta toteutuu ainoastaan et\u00e4yhteyden kautta TurkuMission kaikille avoimella Facebook-sivulla (linkki yll\u00e4) niin, ett\u00e4 paikanp\u00e4\u00e4ll\u00e4 Raision kirkossa on vain tilaisuuden toteuttava joukko. &hellip; Continued\" \/>\n<meta property=\"og:url\" content=\"http:\/\/turkumissio.fi\/missio\/rukouskirje-maaliskuu-2021\/\" \/>\n<meta property=\"og:site_name\" content=\"Turkumissio ry\" \/>\n<meta property=\"article:published_time\" content=\"2021-03-02T13:46:45+00:00\" \/>\n<meta property=\"article:modified_time\" content=\"2021-03-02T14:19:22+00:00\" \/>\n<meta property=\"og:image\" content=\"http:\/\/turkumissio.fi\/missio\/wp-content\/uploads\/Nayttokuva-2021-3-2-kello-15.44.09.png\" \/>\n\t<meta property=\"og:image:width\" content=\"410\" \/>\n\t<meta property=\"og:image:height\" content=\"648\" \/>\n\t<meta property=\"og:image:type\" content=\"image\/png\" \/>\n<meta name=\"author\" content=\"tumi-editori\" \/>\n<meta name=\"twitter:card\" content=\"summary_large_image\" \/>\n<meta name=\"twitter:label1\" content=\"Kirjoittanut\" \/>\n\t<meta name=\"twitter:data1\" content=\"tumi-editori\" \/>\n\t<meta name=\"twitter:label2\" content=\"Arvioitu lukuaika\" \/>\n\t<meta name=\"twitter:data2\" content=\"2 minuuttia\" \/>\n<script type=\"application\/ld+json\" class=\"yoast-schema-graph\">{\"@context\":\"https:\/\/schema.org\",\"@graph\":[{\"@type\":\"Article\",\"@id\":\"http:\/\/turkumissio.fi\/missio\/rukouskirje-maaliskuu-2021\/#article\",\"isPartOf\":{\"@id\":\"http:\/\/turkumissio.fi\/missio\/rukouskirje-maaliskuu-2021\/\"},\"author\":{\"name\":\"tumi-editori\",\"@id\":\"https:\/\/turkumissio.fi\/missio\/#\/schema\/person\/20fb6094bdd95a962343b528a2777b6a\"},\"headline\":\"Rukouskirje maaliskuu 2021\",\"datePublished\":\"2021-03-02T13:46:45+00:00\",\"dateModified\":\"2021-03-02T14:19:22+00:00\",\"mainEntityOfPage\":{\"@id\":\"http:\/\/turkumissio.fi\/missio\/rukouskirje-maaliskuu-2021\/\"},\"wordCount\":461,\"image\":{\"@id\":\"http:\/\/turkumissio.fi\/missio\/rukouskirje-maaliskuu-2021\/#primaryimage\"},\"thumbnailUrl\":\"http:\/\/turkumissio.fi\/missio\/wp-content\/uploads\/Nayttokuva-2021-3-2-kello-15.44.09.png\",\"keywords\":[\"Teemu Sormunen\",\"Turku rukoilee\"],\"articleSection\":[\"Rukouskirje\"],\"inLanguage\":\"fi\"},{\"@type\":\"WebPage\",\"@id\":\"http:\/\/turkumissio.fi\/missio\/rukouskirje-maaliskuu-2021\/\",\"url\":\"http:\/\/turkumissio.fi\/missio\/rukouskirje-maaliskuu-2021\/\",\"name\":\"Rukouskirje maaliskuu 2021 - Turkumissio ry\",\"isPartOf\":{\"@id\":\"https:\/\/turkumissio.fi\/missio\/#website\"},\"primaryImageOfPage\":{\"@id\":\"http:\/\/turkumissio.fi\/missio\/rukouskirje-maaliskuu-2021\/#primaryimage\"},\"image\":{\"@id\":\"http:\/\/turkumissio.fi\/missio\/rukouskirje-maaliskuu-2021\/#primaryimage\"},\"thumbnailUrl\":\"http:\/\/turkumissio.fi\/missio\/wp-content\/uploads\/Nayttokuva-2021-3-2-kello-15.44.09.png\",\"datePublished\":\"2021-03-02T13:46:45+00:00\",\"dateModified\":\"2021-03-02T14:19:22+00:00\",\"author\":{\"@id\":\"https:\/\/turkumissio.fi\/missio\/#\/schema\/person\/20fb6094bdd95a962343b528a2777b6a\"},\"breadcrumb\":{\"@id\":\"http:\/\/turkumissio.fi\/missio\/rukouskirje-maaliskuu-2021\/#breadcrumb\"},\"inLanguage\":\"fi\",\"potentialAction\":[{\"@type\":\"ReadAction\",\"target\":[\"http:\/\/turkumissio.fi\/missio\/rukouskirje-maaliskuu-2021\/\"]}]},{\"@type\":\"ImageObject\",\"inLanguage\":\"fi\",\"@id\":\"http:\/\/turkumissio.fi\/missio\/rukouskirje-maaliskuu-2021\/#primaryimage\",\"url\":\"http:\/\/turkumissio.fi\/missio\/wp-content\/uploads\/Nayttokuva-2021-3-2-kello-15.44.09.png\",\"contentUrl\":\"http:\/\/turkumissio.fi\/missio\/wp-content\/uploads\/Nayttokuva-2021-3-2-kello-15.44.09.png\",\"width\":410,\"height\":648},{\"@type\":\"BreadcrumbList\",\"@id\":\"http:\/\/turkumissio.fi\/missio\/rukouskirje-maaliskuu-2021\/#breadcrumb\",\"itemListElement\":[{\"@type\":\"ListItem\",\"position\":1,\"name\":\"Etusivu\",\"item\":\"https:\/\/turkumissio.fi\/missio\/\"},{\"@type\":\"ListItem\",\"position\":2,\"name\":\"Rukouskirje maaliskuu 2021\"}]},{\"@type\":\"WebSite\",\"@id\":\"https:\/\/turkumissio.fi\/missio\/#website\",\"url\":\"https:\/\/turkumissio.fi\/missio\/\",\"name\":\"Turkumissio ry\",\"description\":\"\",\"potentialAction\":[{\"@type\":\"SearchAction\",\"target\":{\"@type\":\"EntryPoint\",\"urlTemplate\":\"https:\/\/turkumissio.fi\/missio\/?s={search_term_string}\"},\"query-input\":{\"@type\":\"PropertyValueSpecification\",\"valueRequired\":true,\"valueName\":\"search_term_string\"}}],\"inLanguage\":\"fi\"},{\"@type\":\"Person\",\"@id\":\"https:\/\/turkumissio.fi\/missio\/#\/schema\/person\/20fb6094bdd95a962343b528a2777b6a\",\"name\":\"tumi-editori\",\"image\":{\"@type\":\"ImageObject\",\"inLanguage\":\"fi\",\"@id\":\"https:\/\/turkumissio.fi\/missio\/#\/schema\/person\/image\/\",\"url\":\"https:\/\/secure.gravatar.com\/avatar\/7d29d6ae3266d9872bb9ca5e1a0e85a8ccac4e114f6104c64e9ba6c31dec6cf4?s=96&d=mm&r=g\",\"contentUrl\":\"https:\/\/secure.gravatar.com\/avatar\/7d29d6ae3266d9872bb9ca5e1a0e85a8ccac4e114f6104c64e9ba6c31dec6cf4?s=96&d=mm&r=g\",\"caption\":\"tumi-editori\"},\"url\":\"http:\/\/turkumissio.fi\/missio\/author\/tumi-editori\/\"}]}<\/script>\n<!-- \/ Yoast SEO plugin. -->","yoast_head_json":{"title":"Rukouskirje maaliskuu 2021 - Turkumissio ry","robots":{"index":"index","follow":"follow","max-snippet":"max-snippet:-1","max-image-preview":"max-image-preview:large","max-video-preview":"max-video-preview:-1"},"canonical":"http:\/\/turkumissio.fi\/missio\/rukouskirje-maaliskuu-2021\/","og_locale":"fi_FI","og_type":"article","og_title":"Rukouskirje maaliskuu 2021 - Turkumissio ry","og_description":"Maaliskuun TURKU RUKOILEE -ilta torstaina 4.3. klo 18.30 osoitteessa www.facebook.com\/turkumissio.\u00a0Vieraana seurakunnan johtaja Teemu Sormunen Koronatilanteesta johtuen maaliskuun Turku rukoilee -ilta toteutuu ainoastaan et\u00e4yhteyden kautta TurkuMission kaikille avoimella Facebook-sivulla (linkki yll\u00e4) niin, ett\u00e4 paikanp\u00e4\u00e4ll\u00e4 Raision kirkossa on vain tilaisuuden toteuttava joukko. &hellip; Continued","og_url":"http:\/\/turkumissio.fi\/missio\/rukouskirje-maaliskuu-2021\/","og_site_name":"Turkumissio ry","article_published_time":"2021-03-02T13:46:45+00:00","article_modified_time":"2021-03-02T14:19:22+00:00","og_image":[{"width":410,"height":648,"url":"http:\/\/turkumissio.fi\/missio\/wp-content\/uploads\/Nayttokuva-2021-3-2-kello-15.44.09.png","type":"image\/png"}],"author":"tumi-editori","twitter_card":"summary_large_image","twitter_misc":{"Kirjoittanut":"tumi-editori","Arvioitu lukuaika":"2 minuuttia"},"schema":{"@context":"https:\/\/schema.org","@graph":[{"@type":"Article","@id":"http:\/\/turkumissio.fi\/missio\/rukouskirje-maaliskuu-2021\/#article","isPartOf":{"@id":"http:\/\/turkumissio.fi\/missio\/rukouskirje-maaliskuu-2021\/"},"author":{"name":"tumi-editori","@id":"https:\/\/turkumissio.fi\/missio\/#\/schema\/person\/20fb6094bdd95a962343b528a2777b6a"},"headline":"Rukouskirje maaliskuu 2021","datePublished":"2021-03-02T13:46:45+00:00","dateModified":"2021-03-02T14:19:22+00:00","mainEntityOfPage":{"@id":"http:\/\/turkumissio.fi\/missio\/rukouskirje-maaliskuu-2021\/"},"wordCount":461,"image":{"@id":"http:\/\/turkumissio.fi\/missio\/rukouskirje-maaliskuu-2021\/#primaryimage"},"thumbnailUrl":"http:\/\/turkumissio.fi\/missio\/wp-content\/uploads\/Nayttokuva-2021-3-2-kello-15.44.09.png","keywords":["Teemu Sormunen","Turku rukoilee"],"articleSection":["Rukouskirje"],"inLanguage":"fi"},{"@type":"WebPage","@id":"http:\/\/turkumissio.fi\/missio\/rukouskirje-maaliskuu-2021\/","url":"http:\/\/turkumissio.fi\/missio\/rukouskirje-maaliskuu-2021\/","name":"Rukouskirje maaliskuu 2021 - Turkumissio ry","isPartOf":{"@id":"https:\/\/turkumissio.fi\/missio\/#website"},"primaryImageOfPage":{"@id":"http:\/\/turkumissio.fi\/missio\/rukouskirje-maaliskuu-2021\/#primaryimage"},"image":{"@id":"http:\/\/turkumissio.fi\/missio\/rukouskirje-maaliskuu-2021\/#primaryimage"},"thumbnailUrl":"http:\/\/turkumissio.fi\/missio\/wp-content\/uploads\/Nayttokuva-2021-3-2-kello-15.44.09.png","datePublished":"2021-03-02T13:46:45+00:00","dateModified":"2021-03-02T14:19:22+00:00","author":{"@id":"https:\/\/turkumissio.fi\/missio\/#\/schema\/person\/20fb6094bdd95a962343b528a2777b6a"},"breadcrumb":{"@id":"http:\/\/turkumissio.fi\/missio\/rukouskirje-maaliskuu-2021\/#breadcrumb"},"inLanguage":"fi","potentialAction":[{"@type":"ReadAction","target":["http:\/\/turkumissio.fi\/missio\/rukouskirje-maaliskuu-2021\/"]}]},{"@type":"ImageObject","inLanguage":"fi","@id":"http:\/\/turkumissio.fi\/missio\/rukouskirje-maaliskuu-2021\/#primaryimage","url":"http:\/\/turkumissio.fi\/missio\/wp-content\/uploads\/Nayttokuva-2021-3-2-kello-15.44.09.png","contentUrl":"http:\/\/turkumissio.fi\/missio\/wp-content\/uploads\/Nayttokuva-2021-3-2-kello-15.44.09.png","width":410,"height":648},{"@type":"BreadcrumbList","@id":"http:\/\/turkumissio.fi\/missio\/rukouskirje-maaliskuu-2021\/#breadcrumb","itemListElement":[{"@type":"ListItem","position":1,"name":"Etusivu","item":"https:\/\/turkumissio.fi\/missio\/"},{"@type":"ListItem","position":2,"name":"Rukouskirje maaliskuu 2021"}]},{"@type":"WebSite","@id":"https:\/\/turkumissio.fi\/missio\/#website","url":"https:\/\/turkumissio.fi\/missio\/","name":"Turkumissio ry","description":"","potentialAction":[{"@type":"SearchAction","target":{"@type":"EntryPoint","urlTemplate":"https:\/\/turkumissio.fi\/missio\/?s={search_term_string}"},"query-input":{"@type":"PropertyValueSpecification","valueRequired":true,"valueName":"search_term_string"}}],"inLanguage":"fi"},{"@type":"Person","@id":"https:\/\/turkumissio.fi\/missio\/#\/schema\/person\/20fb6094bdd95a962343b528a2777b6a","name":"tumi-editori","image":{"@type":"ImageObject","inLanguage":"fi","@id":"https:\/\/turkumissio.fi\/missio\/#\/schema\/person\/image\/","url":"https:\/\/secure.gravatar.com\/avatar\/7d29d6ae3266d9872bb9ca5e1a0e85a8ccac4e114f6104c64e9ba6c31dec6cf4?s=96&d=mm&r=g","contentUrl":"https:\/\/secure.gravatar.com\/avatar\/7d29d6ae3266d9872bb9ca5e1a0e85a8ccac4e114f6104c64e9ba6c31dec6cf4?s=96&d=mm&r=g","caption":"tumi-editori"},"url":"http:\/\/turkumissio.fi\/missio\/author\/tumi-editori\/"}]}},"_links":{"self":[{"href":"http:\/\/turkumissio.fi\/missio\/wp-json\/wp\/v2\/posts\/757","targetHints":{"allow":["GET"]}}],"collection":[{"href":"http:\/\/turkumissio.fi\/missio\/wp-json\/wp\/v2\/posts"}],"about":[{"href":"http:\/\/turkumissio.fi\/missio\/wp-json\/wp\/v2\/types\/post"}],"author":[{"embeddable":true,"href":"http:\/\/turkumissio.fi\/missio\/wp-json\/wp\/v2\/users\/1"}],"replies":[{"embeddable":true,"href":"http:\/\/turkumissio.fi\/missio\/wp-json\/wp\/v2\/comments?post=757"}],"version-history":[{"count":3,"href":"http:\/\/turkumissio.fi\/missio\/wp-json\/wp\/v2\/posts\/757\/revisions"}],"predecessor-version":[{"id":767,"href":"http:\/\/turkumissio.fi\/missio\/wp-json\/wp\/v2\/posts\/757\/revisions\/767"}],"wp:featuredmedia":[{"embeddable":true,"href":"http:\/\/turkumissio.fi\/missio\/wp-json\/wp\/v2\/media\/760"}],"wp:attachment":[{"href":"http:\/\/turkumissio.fi\/missio\/wp-json\/wp\/v2\/media?parent=757"}],"wp:term":[{"taxonomy":"category","embeddable":true,"href":"http:\/\/turkumissio.fi\/missio\/wp-json\/wp\/v2\/categories?post=757"},{"taxonomy":"post_tag","embeddable":true,"href":"http:\/\/turkumissio.fi\/missio\/wp-json\/wp\/v2\/tags?post=757"}],"curies":[{"name":"wp","href":"https:\/\/api.w.org\/{rel}","templated":true}]}}